{"id":521,"date":"2019-04-01T19:14:43","date_gmt":"2019-04-01T17:14:43","guid":{"rendered":"http:\/\/www.lifeagrised.com\/?p=521"},"modified":"2020-03-19T21:50:37","modified_gmt":"2020-03-19T20:50:37","slug":"life-agrised-alla-conferenza-tvip-2019-di-hustopece-repubblica-ceca-19-21-marzo-2019","status":"publish","type":"post","link":"http:\/\/www.lifeagrised.com\/cz\/2019\/04\/01\/life-agrised-alla-conferenza-tvip-2019-di-hustopece-repubblica-ceca-19-21-marzo-2019\/","title":{"rendered":"Prezentace LIFE AgriSed na konferenci TVIP 2019 v Hustope\u010d\u00edch &#8211; 19. \u2013 21. B\u0159ezna 2019"},"content":{"rendered":"<p>EPS se z\u00fa\u010dastnil akce TVIP 2019 &#8211; T\u00ddDEN V\u011aDY IN INOVAC\u00cd PRO PRAXI V \u017dIVOTN\u00cd PROST\u0158ED\u00cd konan\u00fd v Hustope\u010d\u00edch v \u010cesk\u00e9 republice, kter\u00e9ho se z\u00fa\u010dastnilo asi 170 provozovatel\u016f sektoru. Tato ud\u00e1lost, krom\u011b p\u0159edstaven\u00ed p\u0159\u00edle\u017eitosti k \u0161\u00ed\u0159en\u00ed informa\u010dn\u00edch materi\u00e1l\u016f a pom\u016fcek projektu LIFE AgriSed, umo\u017enila EPS ilustrovat sv\u00e9 c\u00edle a o\u010dek\u00e1van\u00e9 v\u00fdsledky, a to d\u00edky prezentaci \u010dl\u00e1nku (k dispozici na n\u00e1sleduj\u00edc\u00edm <a href=\"http:\/\/www.lifeagrised.com\/wp-content\/uploads\/2019\/04\/TVIP_2019_clanek_AGRISED_01_FINAL.pdf\">odkazu<\/a>) a plak\u00e1tu v \u010d\u00e1sti \u201eCircular Economy\u201c.<\/p>\n<p>N\u00ed\u017ee je uvedena kr\u00e1tk\u00e1 prezentace o proveden\u00e9 disemina\u010dn\u00ed \u010dinnosti a vytvo\u0159en\u00e9m plak\u00e1tu.<\/p>\n<p><a href=\"http:\/\/www.lifeagrised.com\/wp-content\/uploads\/2019\/04\/AGRISED_EPS-dissemination_TVIP2019_ver4.pdf\"><img loading=\"lazy\" class=\"aligncenter wp-image-526 size-large\" src=\"http:\/\/www.lifeagrised.com\/wp-content\/uploads\/2019\/04\/presentation-agrised-1-1024x784.png\" alt=\"\" width=\"1024\" height=\"784\" srcset=\"http:\/\/www.lifeagrised.com\/wp-content\/uploads\/2019\/04\/presentation-agrised-1-1024x784.png 1024w, http:\/\/www.lifeagrised.com\/wp-content\/uploads\/2019\/04\/presentation-agrised-1-300x230.png 300w, http:\/\/www.lifeagrised.com\/wp-content\/uploads\/2019\/04\/presentation-agrised-1-768x588.png 768w, http:\/\/www.lifeagrised.com\/wp-content\/uploads\/2019\/04\/presentation-agrised-1-820x628.png 820w, http:\/\/www.lifeagrised.com\/wp-content\/uploads\/2019\/04\/presentation-agrised-1.png 1057w\" sizes=\"(max-width: 1024px) 100vw, 1024px\" \/><\/a><\/p>\n<p><a href=\"http:\/\/www.lifeagrised.com\/wp-content\/uploads\/2019\/04\/eps_poster_TVIP-2019_AGRISED_FINAL_corrected.pdf\"><img loading=\"lazy\" class=\"aligncenter wp-image-527 size-large\" src=\"http:\/\/www.lifeagrised.com\/wp-content\/uploads\/2019\/04\/eps_poster_TVIP-2019_AGRISED_FINAL_corrected-1-735x1024.jpg\" alt=\"\" width=\"735\" height=\"1024\" srcset=\"http:\/\/www.lifeagrised.com\/wp-content\/uploads\/2019\/04\/eps_poster_TVIP-2019_AGRISED_FINAL_corrected-1-735x1024.jpg 735w, http:\/\/www.lifeagrised.com\/wp-content\/uploads\/2019\/04\/eps_poster_TVIP-2019_AGRISED_FINAL_corrected-1-215x300.jpg 215w, http:\/\/www.lifeagrised.com\/wp-content\/uploads\/2019\/04\/eps_poster_TVIP-2019_AGRISED_FINAL_corrected-1-768x1070.jpg 768w, http:\/\/www.lifeagrised.com\/wp-content\/uploads\/2019\/04\/eps_poster_TVIP-2019_AGRISED_FINAL_corrected-1-820x1142.jpg 820w\" sizes=\"(max-width: 735px) 100vw, 735px\" \/><\/a><\/p>\n<p>Krom\u011b toho byl v souvislosti s akc\u00ed publikov\u00e1n \u010dl\u00e1nek \u201eVyu\u017eit\u00ed vyt\u011b\u017een\u00fdch sediment\u016f pro produk\u010dn\u00ed inovativn\u00ed substr\u00e1ty a technologick\u00e9 \u0159e\u0161en\u00ed pro rostlinn\u00e9 \u0161kolky a rekultivace &#8211; projekt EU Life AGRISED\u201c.<\/p>","protected":false},"excerpt":{"rendered":"<p>EPS se z\u00fa\u010dastnil akce TVIP 2019 &#8211; T\u00ddDEN V\u011aDY IN INOVAC\u00cd PRO PRAXI V \u017dIVOTN\u00cd PROST\u0158ED\u00cd konan\u00fd v Hustope\u010d\u00edch v \u010cesk\u00e9 republice, kter\u00e9ho se z\u00fa\u010dastnilo asi 170 provozovatel\u016f sektoru. Tato ud\u00e1lost, krom\u011b p\u0159edstaven\u00ed p\u0159\u00edle\u017eitosti k \u0161\u00ed\u0159en\u00ed informa\u010dn\u00edch materi\u00e1l\u016f a pom\u016fcek projektu LIFE AgriSed, umo\u017enila EPS ilustrovat sv\u00e9 c\u00edle a o\u010dek\u00e1van\u00e9 v\u00fdsledky, a to d\u00edky prezentaci [&hellip;]<\/p>\n","protected":false},"author":1,"featured_media":0,"comment_status":"closed","ping_status":"closed","sticky":false,"template":"","format":"standard","meta":[],"categories":[27],"tags":[24,48,16,18,21,28,60],"yoast_head":"<!-- This site is optimized with the Yoast SEO plugin v16.6.1 - https:\/\/yoast.com\/wordpress\/plugins\/seo\/ -->\n<title>Prezentace LIFE AgriSed na konferenci TVIP 2019 v Hustope\u010d\u00edch - 19. \u2013 21. B\u0159ezna 2019 - LIFE Agrised<\/title>\n<meta name=\"robots\" content=\"index, follow, max-snippet:-1, max-image-preview:large, max-video-preview:-1\" \/>\n<link rel=\"canonical\" href=\"http:\/\/www.lifeagrised.com\/2019\/04\/01\/life-agrised-alla-conferenza-tvip-2019-di-hustopece-repubblica-ceca-19-21-marzo-2019\/\" \/>\n<meta property=\"og:locale\" content=\"en_US\" \/>\n<meta property=\"og:type\" content=\"article\" \/>\n<meta property=\"og:title\" content=\"Prezentace LIFE AgriSed na konferenci TVIP 2019 v Hustope\u010d\u00edch - 19. \u2013 21. B\u0159ezna 2019 - LIFE Agrised\" \/>\n<meta property=\"og:description\" content=\"EPS se z\u00fa\u010dastnil akce TVIP 2019 &#8211; T\u00ddDEN V\u011aDY IN INOVAC\u00cd PRO PRAXI V \u017dIVOTN\u00cd PROST\u0158ED\u00cd konan\u00fd v Hustope\u010d\u00edch v \u010cesk\u00e9 republice, kter\u00e9ho se z\u00fa\u010dastnilo asi 170 provozovatel\u016f sektoru. Tato ud\u00e1lost, krom\u011b p\u0159edstaven\u00ed p\u0159\u00edle\u017eitosti k \u0161\u00ed\u0159en\u00ed informa\u010dn\u00edch materi\u00e1l\u016f a pom\u016fcek projektu LIFE AgriSed, umo\u017enila EPS ilustrovat sv\u00e9 c\u00edle a o\u010dek\u00e1van\u00e9 v\u00fdsledky, a to d\u00edky prezentaci [&hellip;]\" \/>\n<meta property=\"og:url\" content=\"http:\/\/www.lifeagrised.com\/2019\/04\/01\/life-agrised-alla-conferenza-tvip-2019-di-hustopece-repubblica-ceca-19-21-marzo-2019\/\" \/>\n<meta property=\"og:site_name\" content=\"LIFE Agrised\" \/>\n<meta property=\"article:published_time\" content=\"2019-04-01T17:14:43+00:00\" \/>\n<meta property=\"article:modified_time\" content=\"2020-03-19T20:50:37+00:00\" \/>\n<meta property=\"og:image\" content=\"http:\/\/www.lifeagrised.com\/wp-content\/uploads\/2019\/04\/presentation-agrised-1-1024x784.png\" \/>\n<meta name=\"twitter:card\" content=\"summary_large_image\" \/>\n<meta name=\"twitter:label1\" content=\"Est. reading time\" \/>\n\t<meta name=\"twitter:data1\" content=\"2 minutes\" \/>\n<script type=\"application\/ld+json\" class=\"yoast-schema-graph\">{\"@context\":\"https:\/\/schema.org\",\"@graph\":[{\"@type\":\"WebSite\",\"@id\":\"http:\/\/www.lifeagrised.com\/#website\",\"url\":\"http:\/\/www.lifeagrised.com\/\",\"name\":\"LIFE Agrised\",\"description\":\"Use of dredged sediments for creating innovative growing media and technosols for plant nursery and soil rehabilitation\",\"potentialAction\":[{\"@type\":\"SearchAction\",\"target\":{\"@type\":\"EntryPoint\",\"urlTemplate\":\"http:\/\/www.lifeagrised.com\/?s={search_term_string}\"},\"query-input\":\"required name=search_term_string\"}],\"inLanguage\":\"cz\"},{\"@type\":\"ImageObject\",\"@id\":\"http:\/\/www.lifeagrised.com\/2019\/04\/01\/life-agrised-alla-conferenza-tvip-2019-di-hustopece-repubblica-ceca-19-21-marzo-2019\/#primaryimage\",\"inLanguage\":\"cz\",\"url\":\"http:\/\/www.lifeagrised.com\/wp-content\/uploads\/2019\/04\/presentation-agrised-1.png\",\"contentUrl\":\"http:\/\/www.lifeagrised.com\/wp-content\/uploads\/2019\/04\/presentation-agrised-1.png\",\"width\":1057,\"height\":809},{\"@type\":\"WebPage\",\"@id\":\"http:\/\/www.lifeagrised.com\/2019\/04\/01\/life-agrised-alla-conferenza-tvip-2019-di-hustopece-repubblica-ceca-19-21-marzo-2019\/#webpage\",\"url\":\"http:\/\/www.lifeagrised.com\/2019\/04\/01\/life-agrised-alla-conferenza-tvip-2019-di-hustopece-repubblica-ceca-19-21-marzo-2019\/\",\"name\":\"Prezentace LIFE AgriSed na konferenci TVIP 2019 v Hustope\\u010d\\u00edch - 19. \\u2013 21. B\\u0159ezna 2019 - LIFE Agrised\",\"isPartOf\":{\"@id\":\"http:\/\/www.lifeagrised.com\/#website\"},\"primaryImageOfPage\":{\"@id\":\"http:\/\/www.lifeagrised.com\/2019\/04\/01\/life-agrised-alla-conferenza-tvip-2019-di-hustopece-repubblica-ceca-19-21-marzo-2019\/#primaryimage\"},\"datePublished\":\"2019-04-01T17:14:43+00:00\",\"dateModified\":\"2020-03-19T20:50:37+00:00\",\"author\":{\"@id\":\"http:\/\/www.lifeagrised.com\/#\/schema\/person\/55232d81f4e1bc9e6552ecfdd8704add\"},\"breadcrumb\":{\"@id\":\"http:\/\/www.lifeagrised.com\/2019\/04\/01\/life-agrised-alla-conferenza-tvip-2019-di-hustopece-repubblica-ceca-19-21-marzo-2019\/#breadcrumb\"},\"inLanguage\":\"cz\",\"potentialAction\":[{\"@type\":\"ReadAction\",\"target\":[\"http:\/\/www.lifeagrised.com\/2019\/04\/01\/life-agrised-alla-conferenza-tvip-2019-di-hustopece-repubblica-ceca-19-21-marzo-2019\/\"]}]},{\"@type\":\"BreadcrumbList\",\"@id\":\"http:\/\/www.lifeagrised.com\/2019\/04\/01\/life-agrised-alla-conferenza-tvip-2019-di-hustopece-repubblica-ceca-19-21-marzo-2019\/#breadcrumb\",\"itemListElement\":[{\"@type\":\"ListItem\",\"position\":1,\"name\":\"Home\",\"item\":\"http:\/\/www.lifeagrised.com\/\"},{\"@type\":\"ListItem\",\"position\":2,\"name\":\"LIFE AgriSed alla conferenza TVIP 2019 di Hustopece (Repubblica Ceca) &#8211; 19-21 marzo 2019\"}]},{\"@type\":\"Person\",\"@id\":\"http:\/\/www.lifeagrised.com\/#\/schema\/person\/55232d81f4e1bc9e6552ecfdd8704add\",\"name\":\"administrator\",\"image\":{\"@type\":\"ImageObject\",\"@id\":\"http:\/\/www.lifeagrised.com\/#personlogo\",\"inLanguage\":\"cz\",\"url\":\"http:\/\/1.gravatar.com\/avatar\/a6e6c978c2825344b93af6f73f79ec98?s=96&d=mm&r=g\",\"contentUrl\":\"http:\/\/1.gravatar.com\/avatar\/a6e6c978c2825344b93af6f73f79ec98?s=96&d=mm&r=g\",\"caption\":\"administrator\"},\"url\":\"http:\/\/www.lifeagrised.com\/cz\/author\/administrator\/\"}]}<\/script>\n<!-- \/ Yoast SEO plugin. -->","_links":{"self":[{"href":"http:\/\/www.lifeagrised.com\/cz\/wp-json\/wp\/v2\/posts\/521"}],"collection":[{"href":"http:\/\/www.lifeagrised.com\/cz\/wp-json\/wp\/v2\/posts"}],"about":[{"href":"http:\/\/www.lifeagrised.com\/cz\/wp-json\/wp\/v2\/types\/post"}],"author":[{"embeddable":true,"href":"http:\/\/www.lifeagrised.com\/cz\/wp-json\/wp\/v2\/users\/1"}],"replies":[{"embeddable":true,"href":"http:\/\/www.lifeagrised.com\/cz\/wp-json\/wp\/v2\/comments?post=521"}],"version-history":[{"count":4,"href":"http:\/\/www.lifeagrised.com\/cz\/wp-json\/wp\/v2\/posts\/521\/revisions"}],"predecessor-version":[{"id":969,"href":"http:\/\/www.lifeagrised.com\/cz\/wp-json\/wp\/v2\/posts\/521\/revisions\/969"}],"wp:attachment":[{"href":"http:\/\/www.lifeagrised.com\/cz\/wp-json\/wp\/v2\/media?parent=521"}],"wp:term":[{"taxonomy":"category","embeddable":true,"href":"http:\/\/www.lifeagrised.com\/cz\/wp-json\/wp\/v2\/categories?post=521"},{"taxonomy":"post_tag","embeddable":true,"href":"http:\/\/www.lifeagrised.com\/cz\/wp-json\/wp\/v2\/tags?post=521"}],"curies":[{"name":"wp","href":"https:\/\/api.w.org\/{rel}","templated":true}]}}